{"id":9,"date":"2019-02-17T18:48:12","date_gmt":"2019-02-17T18:48:12","guid":{"rendered":"https:\/\/produccionmusic.com\/blog\/blog\/?p=9"},"modified":"2025-03-06T17:05:58","modified_gmt":"2025-03-06T17:05:58","slug":"historia-de-logic-pro","status":"publish","type":"post","link":"https:\/\/produccionmusic.com\/blog\/historia-de-logic-pro\/","title":{"rendered":"Logic Pro conoce su historia."},"content":{"rendered":"<p><span style=\"font-family: arial, helvetica, sans-serif;\"><\/span><\/p>\r\n<p><span style=\"font-family: arial, helvetica, sans-serif;\">En este art\u00edculo quiero hacer una revisi\u00f3n de \u00ab<a href=\"https:\/\/www.apple.com\/mx\/logic-pro\/\"><span style=\"color: #ff6600;\"><strong>Logic Pro<\/strong><\/span><\/a> conoce su historia\u00bb desde sus<\/span><br \/><span style=\"font-family: arial, helvetica, sans-serif;\">or\u00edgenes hasta nuestros d\u00edas y como he vivido en primera persona su evoluci\u00f3n<\/span><br \/><span style=\"font-family: arial, helvetica, sans-serif;\">durante todos estos a\u00f1os.<\/span><br \/><br \/><span style=\"font-family: arial, helvetica, sans-serif;\">Pero antes de nada&#8230;<\/span><br \/><span style=\"color: #ff6600; font-family: arial, helvetica, sans-serif;\"><strong>\u00bfQu\u00e9 es Logic Pro?<\/strong><\/span><br \/><span style=\"font-family: arial, helvetica, sans-serif;\">A mediados de los a\u00f1os 80 Gerhard Lengeling y Chris Adam, programadores<\/span><br \/><span style=\"font-family: arial, helvetica, sans-serif;\">de la compa\u00f1\u00eda \u201cC-Lab\u201d, desarrollaron un software denominado \u201cCreator\u201d para<\/span><br \/><span style=\"font-family: arial, helvetica, sans-serif;\">la plataforma de ordenadores Atari en sus series 520 y 1040 de los cuales tuve<\/span><br \/><span style=\"font-family: arial, helvetica, sans-serif;\">ambos modelos por aquellos a\u00f1os.<\/span><br \/><span style=\"font-family: arial, helvetica, sans-serif;\">Atari revolucion\u00f3 el mercado de la inform\u00e1tica musical lanzando estos dos<\/span><br \/><span style=\"font-family: arial, helvetica, sans-serif;\">modelos que implementaban un puerto midi de entrada y otro puerto de salida.<\/span><br \/><span style=\"font-family: arial, helvetica, sans-serif;\">Los usuarios que hasta entonces secuenci\u00e1bamos nuestras composiciones a<\/span><br \/><span style=\"font-family: arial, helvetica, sans-serif;\">trav\u00e9s de secuenciadores hardware enseguida quisimos hacernos con una de<\/span><br \/><span style=\"font-family: arial, helvetica, sans-serif;\">estas unidades.<\/span><\/p>\r\n<p><span style=\"font-family: arial, helvetica, sans-serif;\">\r\n\r\n<\/span><\/p>\r\n<p><br \/><span style=\"font-family: arial, helvetica, sans-serif;\">Creator\u201d evolucion\u00f3 de forma que se pod\u00edan a\u00f1adir funciones de notaci\u00f3n<\/span><br \/><span style=\"font-family: arial, helvetica, sans-serif;\">musical por lo que paso a llamarse \u201cNotator\u201d.<\/span><br \/><span style=\"font-family: arial, helvetica, sans-serif;\">\u201cNotator\u201d trabajaba en modo patrones a la hora de componer canciones, algo<\/span><br \/><span style=\"font-family: arial, helvetica, sans-serif;\">que marco la diferencia en aquellos a\u00f1os, ya que el resto de secuenciadores<\/span><br \/><span style=\"font-family: arial, helvetica, sans-serif;\">en su mayor\u00eda, trabajan en un modo canci\u00f3n global.<\/span><br \/><span style=\"font-family: arial, helvetica, sans-serif;\">Gerhard Lengeling y Chris Adam abandonaron \u201cC-Lab\u201d para crear una nueva<\/span><br \/><span style=\"font-family: arial, helvetica, sans-serif;\">compa\u00f1\u00eda llamada \u201cEmagic\u201d.<\/span><br \/><span style=\"font-family: arial, helvetica, sans-serif;\">En 1993 lanzaron Notator Logic al mercado cuando Atari ya se estaba<\/span><br \/><span style=\"font-family: arial, helvetica, sans-serif;\">quedando obsoleto por lo que decidieron lanzar el software con compatibilidad<\/span><br \/><span style=\"font-family: arial, helvetica, sans-serif;\">para plataformas Apple Mac y Windows.<\/span><br \/><span style=\"font-family: arial, helvetica, sans-serif;\">Durante los 90 como el resto de sus competidores, el af\u00e1n en su evoluci\u00f3n fue el <\/span><br \/><span style=\"font-family: arial, helvetica, sans-serif;\">implementar pistas de audio, para poder combinar el trabajo de pistas midi y<\/span><br \/><span style=\"font-family: arial, helvetica, sans-serif;\">audio en un mismo software.<\/span><br \/><span style=\"font-family: arial, helvetica, sans-serif;\">Posteriormente llegaron los \u201cVirtual Instruments\u201d para poco a poco llegar a<\/span><br \/><span style=\"font-family: arial, helvetica, sans-serif;\">convertirse en el DAW que es hoy en d\u00eda.<\/span><br \/><span style=\"font-family: arial, helvetica, sans-serif;\">En 2002 \u201cEmagic\u201d fue adquirida por \u201cApple\u201d y desde entonces como es l\u00f3gico<\/span><br \/><span style=\"font-family: arial, helvetica, sans-serif;\">desapareci\u00f3 la versi\u00f3n para Windows y tambi\u00e9n se implemento la nueva<\/span><br \/><span style=\"font-family: arial, helvetica, sans-serif;\">plataforma de plugins \u201cAudio Unit\u201d en su versi\u00f3n 8.<\/span><\/p>\r\n<p><span style=\"font-family: arial, helvetica, sans-serif;\">\r\n\r\n<\/span><\/p>\r\n<p><br \/><span style=\"font-family: arial, helvetica, sans-serif;\">La versi\u00f3n actual es Logic X concretamente 10.4, un m\u00e1gnifico DAW con un<\/span><br \/><span style=\"font-family: arial, helvetica, sans-serif;\">potent\u00edsimo motor de audio, estabilidad, incre\u00edbles instrumentos con un sonido<\/span><br \/><span style=\"font-family: arial, helvetica, sans-serif;\">brutal y un paquete completo para obtener resultados totalmente profesionales.<\/span><br \/><span style=\"font-family: arial, helvetica, sans-serif;\">Esperemos seguir disfrutando por muchos a\u00f1os de este magn\u00edfico software<\/span><br \/><span style=\"font-family: arial, helvetica, sans-serif;\">DAW y que siga compitiendo en primera linea con el resto de fabricantes.<\/span><br \/><span style=\"font-family: arial, helvetica, sans-serif;\">#logic #logicpro #notator #historialogic #historialogicpro #atarist1040<\/span><br \/><br \/><span style=\"font-family: arial, helvetica, sans-serif;\">Si est\u00e1s interesado en realizar un curso de Logic Pro X en clases particulares <\/span><br \/><span style=\"font-family: arial, helvetica, sans-serif;\">instruido por un productor profesional con 30 a\u00f1os de experiencia puedes <\/span><br \/><span style=\"font-family: arial, helvetica, sans-serif;\">encontrar mas informaci\u00f3n en:<\/span><br \/><span style=\"font-family: arial, helvetica, sans-serif;\"><a href=\"https:\/\/produccionmusic.com\/Cursos\/LogicPro\/\"><strong><span style=\"color: #ff6600;\">Curso Logic Pro<\/span><\/strong><\/a><\/span><\/p>\r\n<p><span style=\"font-family: arial, helvetica, sans-serif;\">\r\n\r\n<\/span><\/p>\r\n<p><span style=\"font-family: arial, helvetica, sans-serif;\">Luis Sancho.-<\/span><br \/><span style=\"font-family: arial, helvetica, sans-serif;\">Compositor, Productor, Ingeniero de Mezcla \u2013 Masterizaci\u00f3n y Dj.<\/span><br \/><span style=\"font-family: arial, helvetica, sans-serif;\">Especialista en software DAW y Dj.<\/span><br \/><span style=\"font-family: arial, helvetica, sans-serif;\">Profesor en escuela profesional <a href=\"https:\/\/produccionmusic.com\/\"><strong><span style=\"color: #ff6600;\">Produccionmusic.com<\/span><\/strong><\/a><\/span><\/p>\r\n<p><span style=\"font-family: arial, helvetica, sans-serif;\"><img fetchpriority=\"high\" decoding=\"async\" class=\"alignnone size-full wp-image-946\" src=\"https:\/\/produccionmusic.com\/blog\/wp-content\/uploads\/2024\/01\/logog.jpg\" alt=\"Curso producci\u00f3n musical\" width=\"420\" height=\"170\" srcset=\"https:\/\/produccionmusic.com\/blog\/wp-content\/uploads\/2024\/01\/logog.jpg 420w, https:\/\/produccionmusic.com\/blog\/wp-content\/uploads\/2024\/01\/logog-280x113.jpg 280w\" sizes=\"(max-width: 420px) 100vw, 420px\" \/><\/span><\/p>\r\n<p><span style=\"font-family: arial, helvetica, sans-serif;\"><\/span><\/p>","protected":false},"excerpt":{"rendered":"<p>En este art\u00edculo quiero hacer una revisi\u00f3n de \u00abLogic Pro conoce su historia\u00bb desde susor\u00edgenes hasta nuestros d\u00edas y como he vivido en primera persona su evoluci\u00f3ndurante todos estos a\u00f1os. Pero antes de nada&#8230;\u00bfQu\u00e9 es Logic Pro?A mediados de los a\u00f1os 80 Gerhard Lengeling y Chris Adam, programadoresde la compa\u00f1\u00eda &#8230;<\/p>\n<a href=\"https:\/\/produccionmusic.com\/blog\/historia-de-logic-pro\/\" title=\"Permalink to: Logic Pro conoce su historia.\" class=\"btn btn-extra-small btn-dark-border btn-transparent\">Leer m\u00e1s... <\/a>","protected":false},"author":2,"featured_media":10,"comment_status":"open","ping_status":"open","sticky":false,"template":"","format":"standard","meta":{"footnotes":""},"categories":[7],"tags":[],"class_list":["post-9","post","type-post","status-publish","format-standard","has-post-thumbnail","hentry","category-audio"],"aioseo_notices":[],"_links":{"self":[{"href":"https:\/\/produccionmusic.com\/blog\/wp-json\/wp\/v2\/posts\/9","targetHints":{"allow":["GET"]}}],"collection":[{"href":"https:\/\/produccionmusic.com\/blog\/wp-json\/wp\/v2\/posts"}],"about":[{"href":"https:\/\/produccionmusic.com\/blog\/wp-json\/wp\/v2\/types\/post"}],"author":[{"embeddable":true,"href":"https:\/\/produccionmusic.com\/blog\/wp-json\/wp\/v2\/users\/2"}],"replies":[{"embeddable":true,"href":"https:\/\/produccionmusic.com\/blog\/wp-json\/wp\/v2\/comments?post=9"}],"version-history":[{"count":19,"href":"https:\/\/produccionmusic.com\/blog\/wp-json\/wp\/v2\/posts\/9\/revisions"}],"predecessor-version":[{"id":2706,"href":"https:\/\/produccionmusic.com\/blog\/wp-json\/wp\/v2\/posts\/9\/revisions\/2706"}],"wp:featuredmedia":[{"embeddable":true,"href":"https:\/\/produccionmusic.com\/blog\/wp-json\/wp\/v2\/media\/10"}],"wp:attachment":[{"href":"https:\/\/produccionmusic.com\/blog\/wp-json\/wp\/v2\/media?parent=9"}],"wp:term":[{"taxonomy":"category","embeddable":true,"href":"https:\/\/produccionmusic.com\/blog\/wp-json\/wp\/v2\/categories?post=9"},{"taxonomy":"post_tag","embeddable":true,"href":"https:\/\/produccionmusic.com\/blog\/wp-json\/wp\/v2\/tags?post=9"}],"curies":[{"name":"wp","href":"https:\/\/api.w.org\/{rel}","templated":true}]}}